{"id":9800,"date":"2025-12-17T09:40:20","date_gmt":"2025-12-17T08:40:20","guid":{"rendered":"https:\/\/www.luterbach-ag.ch\/?post_type=news&#038;p=9800"},"modified":"2025-12-17T09:41:51","modified_gmt":"2025-12-17T08:41:51","slug":"pascal-ryser-konstrukteur","status":"publish","type":"news","link":"https:\/\/www.luterbach-ag.ch\/en\/news\/pascal-ryser-konstrukteur\/","title":{"rendered":"Pascal Ryser &#8211; Technik denkt man nicht, Technik lebt man."},"content":{"rendered":"\t\t<div data-elementor-type=\"wp-post\" data-elementor-id=\"9800\" class=\"elementor elementor-9800\">\n\t\t\t\t\t\t<section class=\"elementor-section elementor-top-section elementor-element elementor-element-2c61b58 elementor-section-boxed elementor-section-height-default elementor-section-height-default\" data-id=\"2c61b58\" data-element_type=\"section\" data-e-type=\"section\">\n\t\t\t\t\t\t<div class=\"elementor-container elementor-column-gap-default\">\n\t\t\t\t\t<div class=\"elementor-column elementor-col-100 elementor-top-column elementor-element elementor-element-613d32e\" data-id=\"613d32e\" data-element_type=\"column\" data-e-type=\"column\">\n\t\t\t<div class=\"elementor-widget-wrap elementor-element-populated\">\n\t\t\t\t\t\t<div class=\"elementor-element elementor-element-43cf855 elementor-widget elementor-widget-text-editor\" data-id=\"43cf855\" data-element_type=\"widget\" data-e-type=\"widget\" data-widget_type=\"text-editor.default\">\n\t\t\t\t<div class=\"elementor-widget-container\">\n\t\t\t\t\t\t\t\t\t<p>Seit August 2024 verst\u00e4rkt Pascal Ryser das Team der e. Luterbach AG. Als Konstrukteur im technischen B\u00fcro bringt er nicht nur fundierte Erfahrung als Polymechaniker mit, sondern auch ein ausgesprochen grosses Interesse an Technik und Entwicklung. Aktuell befindet er sich im f\u00fcnften Semester seines Studiums zum Maschinentechniker HF an der ABB Technikerschule, was ihm eine ideale Grundlage f\u00fcr seine t\u00e4glichen Aufgaben bietet.<\/p><p>Pascal hat zuvor in unterschiedlichen Unternehmen als Polymechaniker gearbeitet. Die Verbindung von Montage, Fertigung und Service hat ihm gezeigt, wie wichtig es ist, Probleml\u00f6sungen mit klarem Kopf anzugehen, gerade wenn einmal nicht alles nach Plan verl\u00e4uft. Diese Ruhe und seine F\u00e4higkeit, auch unter Druck rational zu bleiben, pr\u00e4gen seine Arbeit bis heute.<\/p><p>Bei der e. Luterbach AG ist Pascal f\u00fcr das Konstruieren von Anlagen und Komponenten zust\u00e4ndig. Er erstellt technische Dokumentationen, t\u00e4tigt Materialanfragen und Bestellungen und wird intensiv in die technische Auslegung und Berechnung eingef\u00fchrt. Besonders gerne vertieft er sich in das detaillierte Konstruieren und das Entwickeln funktionaler L\u00f6sungen. Sein erster Arbeitstag war unkompliziert und positiv. Er f\u00fchlte sich sofort im Team willkommen.<\/p><p>Privat ist Pascal sportlich und musikalisch vielseitig unterwegs. Beim Squash, Padel oder Mountainbiken findet er den Ausgleich zur Arbeit. Seit 21 Jahren spielt er Gitarre und ist Teil einer Band, in der er seine kreative Seite ausleben kann. Ber\u00fchmte Pers\u00f6nlichkeiten reizen ihn weniger, er konzentriert sich lieber auf das, was f\u00fcr ihn wirklich z\u00e4hlt: Technik, Teamarbeit und stetige Weiterentwicklung.<\/p><p>Sch\u00f6n bist du bei uns im Team, Pascal. Wir freuen uns auf alles, was wir gemeinsam erreichen werden.<\/p><p>#TeamLuterbach #Mitarbeitervorstellung #Konstruktion #TechnikBegeistert<\/p>\t\t\t\t\t\t\t\t<\/div>\n\t\t\t\t<\/div>\n\t\t\t\t\t<\/div>\n\t\t<\/div>\n\t\t\t\t\t<\/div>\n\t\t<\/section>\n\t\t\t\t<\/div>\n\t\t","protected":false},"featured_media":9801,"template":"","class_list":["post-9800","news","type-news","status-publish","has-post-thumbnail","hentry"],"_links":{"self":[{"href":"https:\/\/www.luterbach-ag.ch\/en\/wp-json\/wp\/v2\/news\/9800","targetHints":{"allow":["GET"]}}],"collection":[{"href":"https:\/\/www.luterbach-ag.ch\/en\/wp-json\/wp\/v2\/news"}],"about":[{"href":"https:\/\/www.luterbach-ag.ch\/en\/wp-json\/wp\/v2\/types\/news"}],"version-history":[{"count":4,"href":"https:\/\/www.luterbach-ag.ch\/en\/wp-json\/wp\/v2\/news\/9800\/revisions"}],"predecessor-version":[{"id":9806,"href":"https:\/\/www.luterbach-ag.ch\/en\/wp-json\/wp\/v2\/news\/9800\/revisions\/9806"}],"wp:featuredmedia":[{"embeddable":true,"href":"https:\/\/www.luterbach-ag.ch\/en\/wp-json\/wp\/v2\/media\/9801"}],"wp:attachment":[{"href":"https:\/\/www.luterbach-ag.ch\/en\/wp-json\/wp\/v2\/media?parent=9800"}],"curies":[{"name":"wp","href":"https:\/\/api.w.org\/{rel}","templated":true}]}}