{"id":9764,"date":"2025-11-19T13:51:44","date_gmt":"2025-11-19T12:51:44","guid":{"rendered":"https:\/\/www.luterbach-ag.ch\/?post_type=news&#038;p=9764"},"modified":"2025-11-19T14:05:04","modified_gmt":"2025-11-19T13:05:04","slug":"dubai-airshow-2025","status":"publish","type":"news","link":"https:\/\/www.luterbach-ag.ch\/en\/news\/dubai-airshow-2025\/","title":{"rendered":"Live von der Dubai Airshow 2025!"},"content":{"rendered":"\t\t<div data-elementor-type=\"wp-post\" data-elementor-id=\"9764\" class=\"elementor elementor-9764\">\n\t\t\t\t\t\t<section class=\"elementor-section elementor-top-section elementor-element elementor-element-0386e18 elementor-section-boxed elementor-section-height-default elementor-section-height-default\" data-id=\"0386e18\" data-element_type=\"section\" data-e-type=\"section\">\n\t\t\t\t\t\t<div class=\"elementor-container elementor-column-gap-default\">\n\t\t\t\t\t<div class=\"elementor-column elementor-col-100 elementor-top-column elementor-element elementor-element-ce30177\" data-id=\"ce30177\" data-element_type=\"column\" data-e-type=\"column\">\n\t\t\t<div class=\"elementor-widget-wrap elementor-element-populated\">\n\t\t\t\t\t\t<div class=\"elementor-element elementor-element-7c14814 elementor-widget elementor-widget-text-editor\" data-id=\"7c14814\" data-element_type=\"widget\" data-e-type=\"widget\" data-widget_type=\"text-editor.default\">\n\t\t\t\t<div class=\"elementor-widget-container\">\n\t\t\t\t\t\t\t\t\t<p>Unsere Kollegen Ramon Kramis und Thomas Felder sind derzeit vor Ort und vertreten die e.\u202fLuterbach AG gemeinsam mit der SFB AG auf einer der bedeutendsten Luft- und Raumfahrtmessen weltweit.<\/p><p>Vom <strong>17. bis 21. November 2025<\/strong> treffen sich hier Fachleute, Entscheidungstr\u00e4ger und Technologie-Experten aus der gesamten Aerospace-Branche.<\/p><p>Networking &amp; Partnerschaften:<br \/>Ramon und Thomas nutzen die Messe gezielt, um Kontakte zu kn\u00fcpfen, Einblicke in aktuelle Trends zu gewinnen und m\u00f6gliche Kooperationen f\u00fcr unsere innovativen L\u00f6sungen im Aerospace- und MRO-Bereich auszuloten.<\/p><p>Wir freuen uns darauf, die gewonnenen Erkenntnisse zur\u00fcck ins Unternehmen zu bringen und unsere Vision f\u00fcr die Aerospace-Industrie weiter voranzutreiben.<\/p>\t\t\t\t\t\t\t\t<\/div>\n\t\t\t\t<\/div>\n\t\t\t\t\t<\/div>\n\t\t<\/div>\n\t\t\t\t\t<\/div>\n\t\t<\/section>\n\t\t\t\t<section class=\"elementor-section elementor-top-section elementor-element elementor-element-18aee64 elementor-section-boxed elementor-section-height-default elementor-section-height-default\" data-id=\"18aee64\" data-element_type=\"section\" data-e-type=\"section\">\n\t\t\t\t\t\t<div class=\"elementor-container elementor-column-gap-default\">\n\t\t\t\t\t<div class=\"elementor-column elementor-col-100 elementor-top-column elementor-element elementor-element-5baef30\" data-id=\"5baef30\" data-element_type=\"column\" data-e-type=\"column\">\n\t\t\t<div class=\"elementor-widget-wrap elementor-element-populated\">\n\t\t\t\t\t\t<div class=\"elementor-element elementor-element-fd04b16 elementor-widget elementor-widget-image\" data-id=\"fd04b16\" data-element_type=\"widget\" data-e-type=\"widget\" data-widget_type=\"image.default\">\n\t\t\t\t<div class=\"elementor-widget-container\">\n\t\t\t\t\t\t\t\t\t\t\t\t\t\t\t<img fetchpriority=\"high\" decoding=\"async\" width=\"640\" height=\"853\" src=\"https:\/\/www.luterbach-ag.ch\/wp-content\/uploads\/2025\/11\/Medien-3-640x853.jpg\" class=\"attachment-fp-small size-fp-small wp-image-9767\" alt=\"Ramon Kramis und Thomas Felder an der Dubai Airshow\" srcset=\"https:\/\/www.luterbach-ag.ch\/wp-content\/uploads\/2025\/11\/Medien-3-640x853.jpg 640w, https:\/\/www.luterbach-ag.ch\/wp-content\/uploads\/2025\/11\/Medien-3-225x300.jpg 225w, https:\/\/www.luterbach-ag.ch\/wp-content\/uploads\/2025\/11\/Medien-3-768x1024.jpg 768w, https:\/\/www.luterbach-ag.ch\/wp-content\/uploads\/2025\/11\/Medien-3-1152x1536.jpg 1152w, https:\/\/www.luterbach-ag.ch\/wp-content\/uploads\/2025\/11\/Medien-3-300x400.jpg 300w, https:\/\/www.luterbach-ag.ch\/wp-content\/uploads\/2025\/11\/Medien-3-1280x1707.jpg 1280w, https:\/\/www.luterbach-ag.ch\/wp-content\/uploads\/2025\/11\/Medien-3-1440x1920.jpg 1440w, https:\/\/www.luterbach-ag.ch\/wp-content\/uploads\/2025\/11\/Medien-3-1024x1365.jpg 1024w, https:\/\/www.luterbach-ag.ch\/wp-content\/uploads\/2025\/11\/Medien-3-1200x1600.jpg 1200w, https:\/\/www.luterbach-ag.ch\/wp-content\/uploads\/2025\/11\/Medien-3.jpg 1530w\" sizes=\"(max-width: 639px) 98vw, (max-width: 1199px) 64vw, 640px\" \/>\t\t\t\t\t\t\t\t\t\t\t\t\t\t\t<\/div>\n\t\t\t\t<\/div>\n\t\t\t\t\t<\/div>\n\t\t<\/div>\n\t\t\t\t\t<\/div>\n\t\t<\/section>\n\t\t\t\t<\/div>\n\t\t","protected":false},"featured_media":9777,"template":"","class_list":["post-9764","news","type-news","status-publish","has-post-thumbnail","hentry"],"_links":{"self":[{"href":"https:\/\/www.luterbach-ag.ch\/en\/wp-json\/wp\/v2\/news\/9764","targetHints":{"allow":["GET"]}}],"collection":[{"href":"https:\/\/www.luterbach-ag.ch\/en\/wp-json\/wp\/v2\/news"}],"about":[{"href":"https:\/\/www.luterbach-ag.ch\/en\/wp-json\/wp\/v2\/types\/news"}],"version-history":[{"count":7,"href":"https:\/\/www.luterbach-ag.ch\/en\/wp-json\/wp\/v2\/news\/9764\/revisions"}],"predecessor-version":[{"id":9776,"href":"https:\/\/www.luterbach-ag.ch\/en\/wp-json\/wp\/v2\/news\/9764\/revisions\/9776"}],"wp:featuredmedia":[{"embeddable":true,"href":"https:\/\/www.luterbach-ag.ch\/en\/wp-json\/wp\/v2\/media\/9777"}],"wp:attachment":[{"href":"https:\/\/www.luterbach-ag.ch\/en\/wp-json\/wp\/v2\/media?parent=9764"}],"curies":[{"name":"wp","href":"https:\/\/api.w.org\/{rel}","templated":true}]}}