{"id":9750,"date":"2025-11-14T13:31:37","date_gmt":"2025-11-14T12:31:37","guid":{"rendered":"https:\/\/www.luterbach-ag.ch\/?post_type=news&#038;p=9750"},"modified":"2025-11-14T13:33:06","modified_gmt":"2025-11-14T12:33:06","slug":"zukunftstag-2025","status":"publish","type":"news","link":"https:\/\/www.luterbach-ag.ch\/en\/news\/zukunftstag-2025\/","title":{"rendered":"Zukunftstag 2025 bei der e. Luterbach AG"},"content":{"rendered":"\t\t<div data-elementor-type=\"wp-post\" data-elementor-id=\"9750\" class=\"elementor elementor-9750\">\n\t\t\t\t\t\t<section class=\"elementor-section elementor-top-section elementor-element elementor-element-67680fd elementor-section-boxed elementor-section-height-default elementor-section-height-default\" data-id=\"67680fd\" data-element_type=\"section\" data-e-type=\"section\">\n\t\t\t\t\t\t<div class=\"elementor-container elementor-column-gap-default\">\n\t\t\t\t\t<div class=\"elementor-column elementor-col-100 elementor-top-column elementor-element elementor-element-5b36307\" data-id=\"5b36307\" data-element_type=\"column\" data-e-type=\"column\">\n\t\t\t<div class=\"elementor-widget-wrap elementor-element-populated\">\n\t\t\t\t\t\t<div class=\"elementor-element elementor-element-ef71136 elementor-widget elementor-widget-text-editor\" data-id=\"ef71136\" data-element_type=\"widget\" data-e-type=\"widget\" data-widget_type=\"text-editor.default\">\n\t\t\t\t<div class=\"elementor-widget-container\">\n\t\t\t\t\t\t\t\t\t<p>Im Rahmen des nationalen Zukunftstags 2025 durften wir sechs neugierige und engagierte Sch\u00fclerinnen und Sch\u00fcler bei uns begr\u00fcssen. Auch dieses Jahr \u00f6ffneten wir unsere T\u00fcren, um unseren jungen G\u00e4sten einen praxisnahen Einblick in die Berufswelt der <strong>Konstrukteur\/innen EFZ<\/strong> sowie <strong>Anlagen- und Apparatebauer\/innen EFZ<\/strong> zu erm\u00f6glichen.<\/p><p>Die Jugendlichen konnten hinter die Kulissen unserer modernen Fertigungsprozesse schauen und erste Erfahrungen in der Konstruktion sammeln. Unter Anleitung unserer Fachspezialisten durften sie selbst <strong>konstruieren, schweissen, lasern<\/strong> und an echten Werkst\u00fccken mitarbeiten. Der Tag war gepr\u00e4gt von Neugier und sichtbarer Begeisterung f\u00fcr Technik und Handwerk.<\/p><p>Ein grosses Dankesch\u00f6n an unser Team f\u00fcr den engagierten Einsatz und an die jungen Talente, die diesen Tag mit ihrer Offenheit und Motivation bereichert haben.<\/p><p>Wir freuen uns schon jetzt auf den Zukunftstag 2026!<\/p><p>#Zukunftstag #Chancengleichheit #Gleichstellung #Seitenwechsel #Berufsorientierung<\/p>\t\t\t\t\t\t\t\t<\/div>\n\t\t\t\t<\/div>\n\t\t\t\t\t<\/div>\n\t\t<\/div>\n\t\t\t\t\t<\/div>\n\t\t<\/section>\n\t\t\t\t<\/div>\n\t\t","protected":false},"featured_media":9751,"template":"","class_list":["post-9750","news","type-news","status-publish","has-post-thumbnail","hentry"],"_links":{"self":[{"href":"https:\/\/www.luterbach-ag.ch\/en\/wp-json\/wp\/v2\/news\/9750","targetHints":{"allow":["GET"]}}],"collection":[{"href":"https:\/\/www.luterbach-ag.ch\/en\/wp-json\/wp\/v2\/news"}],"about":[{"href":"https:\/\/www.luterbach-ag.ch\/en\/wp-json\/wp\/v2\/types\/news"}],"version-history":[{"count":4,"href":"https:\/\/www.luterbach-ag.ch\/en\/wp-json\/wp\/v2\/news\/9750\/revisions"}],"predecessor-version":[{"id":9756,"href":"https:\/\/www.luterbach-ag.ch\/en\/wp-json\/wp\/v2\/news\/9750\/revisions\/9756"}],"wp:featuredmedia":[{"embeddable":true,"href":"https:\/\/www.luterbach-ag.ch\/en\/wp-json\/wp\/v2\/media\/9751"}],"wp:attachment":[{"href":"https:\/\/www.luterbach-ag.ch\/en\/wp-json\/wp\/v2\/media?parent=9750"}],"curies":[{"name":"wp","href":"https:\/\/api.w.org\/{rel}","templated":true}]}}