{"id":9621,"date":"2025-08-11T09:26:38","date_gmt":"2025-08-11T07:26:38","guid":{"rendered":"https:\/\/www.luterbach-ag.ch\/?post_type=news&#038;p=9621"},"modified":"2026-02-19T15:45:37","modified_gmt":"2026-02-19T14:45:37","slug":"lehrbeginn-2025","status":"publish","type":"news","link":"https:\/\/www.luterbach-ag.ch\/en\/news\/lehrbeginn-2025\/","title":{"rendered":"Lehrbeginn 2025 &#8211; Herzlich Willkommen im Team!"},"content":{"rendered":"\t\t<div data-elementor-type=\"wp-post\" data-elementor-id=\"9621\" class=\"elementor elementor-9621\">\n\t\t\t\t\t\t<section class=\"elementor-section elementor-top-section elementor-element elementor-element-ab2d003 elementor-section-boxed elementor-section-height-default elementor-section-height-default\" data-id=\"ab2d003\" data-element_type=\"section\" data-e-type=\"section\">\n\t\t\t\t\t\t<div class=\"elementor-container elementor-column-gap-default\">\n\t\t\t\t\t<div class=\"elementor-column elementor-col-100 elementor-top-column elementor-element elementor-element-de99c2b\" data-id=\"de99c2b\" data-element_type=\"column\" data-e-type=\"column\">\n\t\t\t<div class=\"elementor-widget-wrap elementor-element-populated\">\n\t\t\t\t\t\t<div class=\"elementor-element elementor-element-0542030 elementor-widget elementor-widget-text-editor\" data-id=\"0542030\" data-element_type=\"widget\" data-e-type=\"widget\" data-widget_type=\"text-editor.default\">\n\t\t\t\t<div class=\"elementor-widget-container\">\n\t\t\t\t\t\t\t\t\t<p>Am 4. August 2025 haben Tim B\u00e4ttig (Anlagen- und Apparatebauer EFZ) und Julien Sahm (Konstrukteur EFZ) ihre Lehre bei uns gestartet.<\/p><p>Wir freuen uns riesig, die beiden auf ihrem Berufsweg begleiten zu d\u00fcrfen und w\u00fcnschen ihnen viel Freude, Elan, Biss und nat\u00fcrlich auch eine gute Portion Spass bei der Arbeit!<\/p><p>\ud83d\udc49\ud83c\udffc Du willst auch herausfinden, ob einer dieser Berufe zu dir passt? Dann melde dich <a href=\"https:\/\/www.luterbach-ag.ch\/berufsbildung\/\" target=\"_blank\" rel=\"noopener\">hier<\/a> f\u00fcr eine Schnupperlehre an.<\/p><p>#Lehrstart #Berufsbildung #TeamLuterbach #ZukunftGestalten #Lehrstelle2025 #Schnupperlehre<\/p><p>\u00a0<\/p>\t\t\t\t\t\t\t\t<\/div>\n\t\t\t\t<\/div>\n\t\t\t\t\t<\/div>\n\t\t<\/div>\n\t\t\t\t\t<\/div>\n\t\t<\/section>\n\t\t\t\t<\/div>\n\t\t","protected":false},"featured_media":9622,"template":"","class_list":["post-9621","news","type-news","status-publish","has-post-thumbnail","hentry"],"_links":{"self":[{"href":"https:\/\/www.luterbach-ag.ch\/en\/wp-json\/wp\/v2\/news\/9621","targetHints":{"allow":["GET"]}}],"collection":[{"href":"https:\/\/www.luterbach-ag.ch\/en\/wp-json\/wp\/v2\/news"}],"about":[{"href":"https:\/\/www.luterbach-ag.ch\/en\/wp-json\/wp\/v2\/types\/news"}],"version-history":[{"count":5,"href":"https:\/\/www.luterbach-ag.ch\/en\/wp-json\/wp\/v2\/news\/9621\/revisions"}],"predecessor-version":[{"id":9629,"href":"https:\/\/www.luterbach-ag.ch\/en\/wp-json\/wp\/v2\/news\/9621\/revisions\/9629"}],"wp:featuredmedia":[{"embeddable":true,"href":"https:\/\/www.luterbach-ag.ch\/en\/wp-json\/wp\/v2\/media\/9622"}],"wp:attachment":[{"href":"https:\/\/www.luterbach-ag.ch\/en\/wp-json\/wp\/v2\/media?parent=9621"}],"curies":[{"name":"wp","href":"https:\/\/api.w.org\/{rel}","templated":true}]}}