{"id":9491,"date":"2025-07-18T11:20:15","date_gmt":"2025-07-18T09:20:15","guid":{"rendered":"https:\/\/www.luterbach-ag.ch\/?post_type=news&#038;p=9491"},"modified":"2026-02-19T15:48:27","modified_gmt":"2026-02-19T14:48:27","slug":"thomas-felder-geschaeftsfuehrer-sfb","status":"publish","type":"news","link":"https:\/\/www.luterbach-ag.ch\/en\/news\/thomas-felder-geschaeftsfuehrer-sfb\/","title":{"rendered":"Thomas Felder: Global unterwegs, lokal verankert"},"content":{"rendered":"\t\t<div data-elementor-type=\"wp-post\" data-elementor-id=\"9491\" class=\"elementor elementor-9491\">\n\t\t\t\t\t\t<section class=\"elementor-section elementor-top-section elementor-element elementor-element-d023c5a elementor-section-boxed elementor-section-height-default elementor-section-height-default\" data-id=\"d023c5a\" data-element_type=\"section\" data-e-type=\"section\">\n\t\t\t\t\t\t<div class=\"elementor-container elementor-column-gap-default\">\n\t\t\t\t\t<div class=\"elementor-column elementor-col-100 elementor-top-column elementor-element elementor-element-468e977\" data-id=\"468e977\" data-element_type=\"column\" data-e-type=\"column\">\n\t\t\t<div class=\"elementor-widget-wrap elementor-element-populated\">\n\t\t\t\t\t\t<div class=\"elementor-element elementor-element-6f02859 elementor-widget elementor-widget-text-editor\" data-id=\"6f02859\" data-element_type=\"widget\" data-e-type=\"widget\" data-widget_type=\"text-editor.default\">\n\t\t\t\t<div class=\"elementor-widget-container\">\n\t\t\t\t\t\t\t\t\t<p>Seit fast zwei Jahrzehnten ist Thomas Felder ein fester Bestandteil der e. Luterbach AG. 2006 eingestiegen, leitet er seit 2012 als Gesch\u00e4ftsf\u00fchrer die Tochterfirma SFB AG und ist vor allem im internationalen Vertrieb aktiv. Sein Weg in der Branche ist gepr\u00e4gt von technischer Expertise, globaler Erfahrung und viel Leidenschaft f\u00fcr innovative Projekte.<\/p><p>Thomas hat in seiner Laufbahn mit Unternehmen auf fast allen Kontinenten zusammengearbeitet. Vom Familienbetrieb in S\u00fcdamerika bis zum High-Tech-Konzern in Asien &#8211; dabei fasziniert ihn besonders die kulturelle Vielfalt, die Dynamik der Projekte und die technische Pr\u00e4zision der Anlagen. Unvergessen bleiben f\u00fcr ihn die SFB-Projekte bei <a href=\"https:\/\/www.mkmorse.com\/\" target=\"_blank\" rel=\"noopener\">M.K. Morse in Ohio<\/a> und bei <a href=\"https:\/\/www.abey.com.au\/\" target=\"_blank\" rel=\"noopener\">Abey in Melbourne<\/a> sowie die e. Luterbach-Anlage f\u00fcr <a href=\"https:\/\/www.boeing.com\/\" target=\"_blank\" rel=\"noopener\">the BOEING Company in Abu Dhabi. <\/a>Jedes davon war ein Meilenstein in Sachen Technik und Teamwork. Und auch wenn sein Koffer manchmal ein anderes Land erreicht als er selbst, ist er mit Herzblut und Neugier unterwegs.<\/p><p>Was ihn an der e. Luterbach AG bis heute besonders reizt, ist die Mischung aus internationaler Vertriebsarbeit, spannenden Aerospace-Projekten und dem engen Austausch mit engagierten Teams. Gerade diese Kombination macht seine Rolle abwechslungsreich, strategisch relevant und menschlich bereichernd.<\/p><p>Neben dem Beruf engagiert sich Thomas als Gemeindepr\u00e4sident in Knutwil. Diese Aufgabe er\u00f6ffnet ihm immer wieder neue Perspektiven und zeigt, wie zentral Zuh\u00f6ren, Ausgleich und klare Kommunikation sind. Werte, die er auch im Arbeitsalltag lebt. Wenn er einmal abschalten m\u00f6chte, zieht es ihn in die Natur. Ob auf eine Fr\u00fchlings-Bergtour, in den eigenen Garten, auf einen italienischen Campingplatz oder im Winter aufs Eishockeyfeld.<\/p><p>Seine Wunsch-Superkraft w\u00e4re die Empathie-Synchronisation, also die F\u00e4higkeit, sich in Echtzeit in andere hineinzuversetzen. Nicht nur im Job ein klarer Vorteil. Denn wie sein pers\u00f6nliches Motto sagt: \u00abGut zuh\u00f6ren ist der halbe Weg zur L\u00f6sung.\u00bb<\/p><p>Danke, Thomas, f\u00fcr deinen grossen Einsatz, deine Weitsicht und deine Energie. Sch\u00f6n, bist du Teil unseres Teams!<\/p><p>#TeamLuterbach #MitarbeiterImFokus #VertriebInternational #TechnikBegeistert<\/p>\t\t\t\t\t\t\t\t<\/div>\n\t\t\t\t<\/div>\n\t\t\t\t\t<\/div>\n\t\t<\/div>\n\t\t\t\t\t<\/div>\n\t\t<\/section>\n\t\t\t\t<section class=\"elementor-section elementor-top-section elementor-element elementor-element-8987bc0 elementor-section-boxed elementor-section-height-default elementor-section-height-default\" data-id=\"8987bc0\" data-element_type=\"section\" data-e-type=\"section\">\n\t\t\t\t\t\t<div class=\"elementor-container elementor-column-gap-default\">\n\t\t\t\t\t<div class=\"elementor-column elementor-col-100 elementor-top-column elementor-element elementor-element-6c14830\" data-id=\"6c14830\" data-element_type=\"column\" data-e-type=\"column\">\n\t\t\t<div class=\"elementor-widget-wrap\">\n\t\t\t\t\t\t\t<\/div>\n\t\t<\/div>\n\t\t\t\t\t<\/div>\n\t\t<\/section>\n\t\t\t\t<\/div>\n\t\t","protected":false},"featured_media":9492,"template":"","class_list":["post-9491","news","type-news","status-publish","has-post-thumbnail","hentry"],"_links":{"self":[{"href":"https:\/\/www.luterbach-ag.ch\/en\/wp-json\/wp\/v2\/news\/9491","targetHints":{"allow":["GET"]}}],"collection":[{"href":"https:\/\/www.luterbach-ag.ch\/en\/wp-json\/wp\/v2\/news"}],"about":[{"href":"https:\/\/www.luterbach-ag.ch\/en\/wp-json\/wp\/v2\/types\/news"}],"version-history":[{"count":16,"href":"https:\/\/www.luterbach-ag.ch\/en\/wp-json\/wp\/v2\/news\/9491\/revisions"}],"predecessor-version":[{"id":9510,"href":"https:\/\/www.luterbach-ag.ch\/en\/wp-json\/wp\/v2\/news\/9491\/revisions\/9510"}],"wp:featuredmedia":[{"embeddable":true,"href":"https:\/\/www.luterbach-ag.ch\/en\/wp-json\/wp\/v2\/media\/9492"}],"wp:attachment":[{"href":"https:\/\/www.luterbach-ag.ch\/en\/wp-json\/wp\/v2\/media?parent=9491"}],"curies":[{"name":"wp","href":"https:\/\/api.w.org\/{rel}","templated":true}]}}