{"id":9403,"date":"2025-06-25T10:51:53","date_gmt":"2025-06-25T08:51:53","guid":{"rendered":"https:\/\/www.luterbach-ag.ch\/?post_type=news&#038;p=9403"},"modified":"2026-02-20T07:51:20","modified_gmt":"2026-02-20T06:51:20","slug":"fabian-luccarini-ceo-mitinhaber","status":"publish","type":"news","link":"https:\/\/www.luterbach-ag.ch\/en\/news\/fabian-luccarini-ceo-mitinhaber\/","title":{"rendered":"Blick hinter die Kulissen: Fabian Luccarini, CEO und Mitinhaber"},"content":{"rendered":"\t\t<div data-elementor-type=\"wp-post\" data-elementor-id=\"9403\" class=\"elementor elementor-9403\">\n\t\t\t\t\t\t<section class=\"elementor-section elementor-top-section elementor-element elementor-element-87e03b3 elementor-section-boxed elementor-section-height-default elementor-section-height-default\" data-id=\"87e03b3\" data-element_type=\"section\" data-e-type=\"section\">\n\t\t\t\t\t\t<div class=\"elementor-container elementor-column-gap-default\">\n\t\t\t\t\t<div class=\"elementor-column elementor-col-100 elementor-top-column elementor-element elementor-element-15ce9a5\" data-id=\"15ce9a5\" data-element_type=\"column\" data-e-type=\"column\">\n\t\t\t<div class=\"elementor-widget-wrap elementor-element-populated\">\n\t\t\t\t\t\t<div class=\"elementor-element elementor-element-73241ca elementor-widget elementor-widget-text-editor\" data-id=\"73241ca\" data-element_type=\"widget\" data-e-type=\"widget\" data-widget_type=\"text-editor.default\">\n\t\t\t\t<div class=\"elementor-widget-container\">\n\t\t\t\t\t\t\t\t\t<p>Fabian Luccarini kennt die e. Luterbach AG wie kaum ein anderer. Seine Laufbahn begann 1997 mit einer Lehre als Maschinenzeichner. Heute steht er als CEO und Mitinhaber an der Spitze des Unternehmens.<\/p><p>Sein Werdegang ist gepr\u00e4gt von Engagement, Fachwissen und der Bereitschaft, Verantwortung zu \u00fcbernehmen. In die Rolle des Gesch\u00e4ftsf\u00fchrers wuchs er nach dem R\u00fccktritt von Edy Luterbach hinein. Was ihn an dieser Aufgabe reizt, ist die M\u00f6glichkeit, viel zu bewegen, schnell und flexibel zu handeln und die Firma aktiv mitzugestalten. Als j\u00fcngstes, aber dienst\u00e4ltestes Mitglied des dreik\u00f6pfigen Verwaltungsrates bringt er Erfahrung und Stabilit\u00e4t ein \u2013 und das mit sp\u00fcrbarer Leidenschaft.<\/p><p>Besonders sch\u00e4tzt Fabian die Abwechslung in seinem Berufsalltag. Kein Tag gleicht dem anderen. Die enge Zusammenarbeit im Team, der Austausch mit Kunden und die stetige Weiterentwicklung treiben ihn an. Die e. Luterbach AG versteht sich nicht nur als l\u00f6sungsorientierter Partner, sondern auch als Innovationstreiber in der Branche. Die Impulse daf\u00fcr holt sich Fabian nicht nur aus dem direkten Kontakt mit Kunden, sondern auch \u00fcber Fachmessen, LinkedIn und das Beobachten internationaler Entwicklungen.<\/p><p>Trotz aller Innovationsfreude bleibt er bodenst\u00e4ndig. Schwierigkeiten geh\u00f6ren dazu, gerade im Bereich der Personalf\u00fchrung. Zwischenmenschliche Spannungen oder Herausforderungen im Team belasten ihn pers\u00f6nlich, zum Gl\u00fcck kommen solche Situationen nur sehr selten vor. Umso mehr sch\u00e4tzt er das Vertrauen und den Zusammenhalt innerhalb der Firma.<\/p><p>Ein Projekt, das ihm besonders in Erinnerung geblieben ist, war die Zusammenarbeit mit <a href=\"https:\/\/www.usm.com\/de-ch?utm_source=gmb&amp;utm_medium=organic&amp;utm_campaign=gmb_entry\">USM<\/a> im Jahr 2012. F\u00fcr die e. Luterbach AG war es das bis dahin gr\u00f6sste Projekt als Generalunternehmer. Die Komplexit\u00e4t, die Vielzahl an Herausforderungen und die L\u00f6sungen, die das Team erarbeitete, haben ihn gepr\u00e4gt. R\u00fcckblickend war es ein Meilenstein f\u00fcr das ganze Unternehmen \u2013 fachlich wie menschlich.<\/p><p>Fabian ist viel herumgekommen. Im Rahmen von Gesch\u00e4ftsreisen hat er hunderte, wenn nicht tausende Firmen weltweit besucht \u2013 unter anderem in Indien. Trotz dieser breiten Einblicke in unterschiedlichste Unternehmenskulturen ist f\u00fcr ihn klar: Es gibt nur wenige Orte, an denen er sich h\u00e4tte vorstellen k\u00f6nnen zu arbeiten. Die e. Luterbach AG geh\u00f6rt dazu und das erf\u00fcllt ihn mit Stolz.<\/p><p>Privat findet Fabian Ausgleich in der Natur. Er liebt die Berge, die er regelm\u00e4ssig besucht und das Meer, das er mit seiner Familie geniesst, wenn es die Zeit erlaubt. Seine Freizeit verbringt er gerne mit Kochen, Heimwerken oder viel zu selten mit Flugzeug-Modellbau.<\/p><p>Sein Lebensmotto bringt auf den Punkt, wie er denkt und handelt: <strong>\u201eEntweder richtig oder gar nicht.\u201c<\/strong> Diese Haltung spiegelt sich in allem wider, was er tut.<\/p><p>Danke, Fabian, f\u00fcr deinen unerm\u00fcdlichen Einsatz, deine Weitsicht und dein Herzblut f\u00fcr die e. Luterbach AG.<\/p><p>\u00a0<\/p>\t\t\t\t\t\t\t\t<\/div>\n\t\t\t\t<\/div>\n\t\t\t\t\t<\/div>\n\t\t<\/div>\n\t\t\t\t\t<\/div>\n\t\t<\/section>\n\t\t\t\t<\/div>\n\t\t","protected":false},"featured_media":9404,"template":"","class_list":["post-9403","news","type-news","status-publish","has-post-thumbnail","hentry"],"_links":{"self":[{"href":"https:\/\/www.luterbach-ag.ch\/en\/wp-json\/wp\/v2\/news\/9403","targetHints":{"allow":["GET"]}}],"collection":[{"href":"https:\/\/www.luterbach-ag.ch\/en\/wp-json\/wp\/v2\/news"}],"about":[{"href":"https:\/\/www.luterbach-ag.ch\/en\/wp-json\/wp\/v2\/types\/news"}],"version-history":[{"count":4,"href":"https:\/\/www.luterbach-ag.ch\/en\/wp-json\/wp\/v2\/news\/9403\/revisions"}],"predecessor-version":[{"id":9409,"href":"https:\/\/www.luterbach-ag.ch\/en\/wp-json\/wp\/v2\/news\/9403\/revisions\/9409"}],"wp:featuredmedia":[{"embeddable":true,"href":"https:\/\/www.luterbach-ag.ch\/en\/wp-json\/wp\/v2\/media\/9404"}],"wp:attachment":[{"href":"https:\/\/www.luterbach-ag.ch\/en\/wp-json\/wp\/v2\/media?parent=9403"}],"curies":[{"name":"wp","href":"https:\/\/api.w.org\/{rel}","templated":true}]}}