{"id":8880,"date":"2025-03-17T10:11:00","date_gmt":"2025-03-17T09:11:00","guid":{"rendered":"https:\/\/www.luterbach-ag.ch\/?post_type=news&#038;p=8880"},"modified":"2025-03-17T10:11:02","modified_gmt":"2025-03-17T09:11:02","slug":"pilatus-lackierkabinen","status":"publish","type":"news","link":"https:\/\/www.luterbach-ag.ch\/en\/news\/pilatus-lackierkabinen\/","title":{"rendered":"Pilatus investiert in Lackierkabinen"},"content":{"rendered":"\t\t<div data-elementor-type=\"wp-post\" data-elementor-id=\"8880\" class=\"elementor elementor-8880\">\n\t\t\t\t\t\t<section class=\"elementor-section elementor-top-section elementor-element elementor-element-9671b23 elementor-section-boxed elementor-section-height-default elementor-section-height-default\" data-id=\"9671b23\" data-element_type=\"section\" data-e-type=\"section\">\n\t\t\t\t\t\t<div class=\"elementor-container elementor-column-gap-default\">\n\t\t\t\t\t<div class=\"elementor-column elementor-col-100 elementor-top-column elementor-element elementor-element-db24b34\" data-id=\"db24b34\" data-element_type=\"column\" data-e-type=\"column\">\n\t\t\t<div class=\"elementor-widget-wrap elementor-element-populated\">\n\t\t\t\t\t\t<div class=\"elementor-element elementor-element-a08c0ed elementor-widget elementor-widget-text-editor\" data-id=\"a08c0ed\" data-element_type=\"widget\" data-e-type=\"widget\" data-widget_type=\"text-editor.default\">\n\t\t\t\t<div class=\"elementor-widget-container\">\n\t\t\t\t\t\t\t\t\t<p>Wir blicken erfreut auf den Auftrag f\u00fcr die Integration von zwei Lackierkabinen zur\u00fcck, welchen wir vor rund drei Jahren bei\u00a0<a href=\"https:\/\/www.pilatus-aircraft.com\/de\">Pilatus<\/a>\u00a0in Stans erfolgreich abgeschlossen haben. Die\u00a0Lackierkabinen wurden in die Produktionsanlagen integriert und tragen zur Optimierung der Lackierprozesse bei.<\/p><p>Pilatus, weltweit bekannt f\u00fcr ihre innovativen Flugzeuge und h\u00f6chste Qualit\u00e4t in der Luftfahrt, setzt mit dieser Erweiterung auf noch mehr Effizienz und Pr\u00e4zision in der Produktion.\u00a0<\/p><p>Im Moment setzen wir wieder ein spannendes Projekt f\u00fcr Pilatus um: am Standort Emmen werden die bestehenden Spritzkabinen verl\u00e4ngert, damit der Kunde die Kapazit\u00e4t der Rumpfbeschichtung steigern kann.\u00a0\u00a0<\/p><p>#Lackieranlage #Lackierkabinen #eLuterbachAG #Effizienz<\/p>\t\t\t\t\t\t\t\t<\/div>\n\t\t\t\t<\/div>\n\t\t\t\t\t<\/div>\n\t\t<\/div>\n\t\t\t\t\t<\/div>\n\t\t<\/section>\n\t\t\t\t<\/div>\n\t\t","protected":false},"featured_media":8882,"template":"","class_list":["post-8880","news","type-news","status-publish","has-post-thumbnail","hentry"],"_links":{"self":[{"href":"https:\/\/www.luterbach-ag.ch\/en\/wp-json\/wp\/v2\/news\/8880","targetHints":{"allow":["GET"]}}],"collection":[{"href":"https:\/\/www.luterbach-ag.ch\/en\/wp-json\/wp\/v2\/news"}],"about":[{"href":"https:\/\/www.luterbach-ag.ch\/en\/wp-json\/wp\/v2\/types\/news"}],"version-history":[{"count":4,"href":"https:\/\/www.luterbach-ag.ch\/en\/wp-json\/wp\/v2\/news\/8880\/revisions"}],"predecessor-version":[{"id":8886,"href":"https:\/\/www.luterbach-ag.ch\/en\/wp-json\/wp\/v2\/news\/8880\/revisions\/8886"}],"wp:featuredmedia":[{"embeddable":true,"href":"https:\/\/www.luterbach-ag.ch\/en\/wp-json\/wp\/v2\/media\/8882"}],"wp:attachment":[{"href":"https:\/\/www.luterbach-ag.ch\/en\/wp-json\/wp\/v2\/media?parent=8880"}],"curies":[{"name":"wp","href":"https:\/\/api.w.org\/{rel}","templated":true}]}}