{"id":7560,"date":"2024-09-13T14:10:31","date_gmt":"2024-09-13T12:10:31","guid":{"rendered":"https:\/\/www.luterbach-ag.ch\/?post_type=news&#038;p=7560"},"modified":"2024-09-13T14:18:18","modified_gmt":"2024-09-13T12:18:18","slug":"hinter-den-kulissen-ramon-kramis","status":"publish","type":"news","link":"https:\/\/www.luterbach-ag.ch\/en\/news\/hinter-den-kulissen-ramon-kramis\/","title":{"rendered":"Hinter den Kulissen: Ramon Kramis"},"content":{"rendered":"\t\t<div data-elementor-type=\"wp-post\" data-elementor-id=\"7560\" class=\"elementor elementor-7560\">\n\t\t\t\t\t\t<section class=\"elementor-section elementor-top-section elementor-element elementor-element-9753957 elementor-section-boxed elementor-section-height-default elementor-section-height-default\" data-id=\"9753957\" data-element_type=\"section\" data-e-type=\"section\">\n\t\t\t\t\t\t<div class=\"elementor-container elementor-column-gap-default\">\n\t\t\t\t\t<div class=\"elementor-column elementor-col-100 elementor-top-column elementor-element elementor-element-82c5b1e\" data-id=\"82c5b1e\" data-element_type=\"column\" data-e-type=\"column\">\n\t\t\t<div class=\"elementor-widget-wrap elementor-element-populated\">\n\t\t\t\t\t\t<div class=\"elementor-element elementor-element-c82e580 elementor-widget elementor-widget-text-editor\" data-id=\"c82e580\" data-element_type=\"widget\" data-e-type=\"widget\" data-widget_type=\"text-editor.default\">\n\t\t\t\t<div class=\"elementor-widget-container\">\n\t\t\t\t\t\t\t\t\t<div class=\"flex-1 overflow-hidden\">\n<div class=\"react-scroll-to-bottom--css-fastu-79elbk h-full dark:bg-gray-800\">\n<div class=\"react-scroll-to-bottom--css-fastu-1n7m0yu\">\n<div class=\"flex flex-col text-sm dark:bg-gray-800\">\n<div class=\"group w-full text-gray-800 dark:text-gray-100 border-b border-black\/10 dark:border-gray-900\/50 bg-gray-50 dark:bg-[#444654]\">\n<div class=\"flex p-4 gap-4 text-base md:gap-6 md:max-w-2xl lg:max-w-[38rem] xl:max-w-3xl md:py-6 lg:px-0 m-auto\">\n<div class=\"relative flex w-[calc(100%-50px)] flex-col gap-1 md:gap-3 lg:w-[calc(100%-115px)]\">\n<div class=\"flex flex-grow flex-col gap-3\">\n<div class=\"min-h-[20px] flex items-start overflow-x-auto whitespace-pre-wrap break-words flex-col gap-4\">\n<div class=\"markdown prose w-full break-words dark:prose-invert light\">\n<p>Gerne m\u00f6chten wir euch unseren Leiter Verkauf, Ramon Kramis, vorstellen, der bereits seit 2001 ein fester Bestandteil der e. Luterbach AG ist. Beeindruckend ist, dass Ramon sein gesamtes Berufsleben in unserem Unternehmen verbracht hat und mittlerweile eine sehr wichtige Rolle in der Entwicklung und Umsetzung unserer Projekte spielt.<\/p>\n<p>Was Ramon an seiner T\u00e4tigkeit besonders fasziniert, ist die Abwechslung, die jedes neue Projekt mit sich bringt. Jedes Vorhaben erfordert kreative und innovative L\u00f6sungen, sei es in der Gestaltung, Technik oder in der Kommunikation mit den Kunden. Dabei liebt er den engen Austausch mit seinen Kollegen, welcher den Arbeitsalltag bereichert. Die Herausforderungen, die durch die steigenden Kundenanforderungen entstehen, sieht er als Chance, sich stets weiterzuentwickeln. Er bleibt durch den Austausch mit Branchenexperten sowie durch das Verfolgen von Fachzeitschriften und digitalen Medien stets am Puls der Zeit.<\/p>\n<p>Ein besonderes Highlight in Ramons Laufbahn war die Mitarbeit an der beeindruckenden Fensterlackieranlage bei Wertbau. Diese komplexe Konstruktion, die sich \u00fcber zwei Hallen erstreckt und durch eine Verbindungsbr\u00fccke verbunden ist, stellte das Team vor grosse Herausforderungen im Layout \u2013 eine Aufgabe, die Ramon mit seiner typischen Kreativit\u00e4t und Leidenschaft meisterte.<\/p>\n<p>Neben solchen spannenden Projekten bietet ihm seine Rolle auch die M\u00f6glichkeit, die Welt zu entdecken. So f\u00fchrte ihn seine weiteste Dienstreise nach Abu Dhabi zur Airshow. Was Ramon an seinem Job besonders reizt, ist die Chance, viele interessante Menschen und Unternehmen kennenzulernen und sein Netzwerk stetig zu erweitern.<\/p>\n<p>Zum Abschalten und Auftanken verbringt Ramon gerne Zeit mit seiner Familie \u2013 seiner Frau und den drei Kindern im Alter von 13, 11 und 7 Jahren. Ob zu Hause, im Wald, am See oder in den Bergen \u2013 die gemeinsamen Augenblicke mit seinen Liebsten sind es, die ihm neue Energie geben. Sein Lebensmotto lautet: \u201eGeniesse den Moment und gehe mit einem L\u00e4cheln durch die Welt.\u201c<\/p>\n<p>Mit seiner positiven Einstellung und der Leidenschaft f\u00fcr innovative Projekte ist Ramon Kramis eine grosse Bereicherung f\u00fcr die e. Luterbach AG und ein wertvoller Ansprechpartner f\u00fcr unsere Kunden.<\/p>\n<\/div>\n<\/div>\n<\/div>\n<\/div>\n<\/div>\n<\/div>\n<\/div>\n<\/div>\n<\/div>\n<\/div>\t\t\t\t\t\t\t\t<\/div>\n\t\t\t\t<\/div>\n\t\t\t\t\t<\/div>\n\t\t<\/div>\n\t\t\t\t\t<\/div>\n\t\t<\/section>\n\t\t\t\t<\/div>\n\t\t","protected":false},"featured_media":7565,"template":"","class_list":["post-7560","news","type-news","status-publish","has-post-thumbnail","hentry"],"_links":{"self":[{"href":"https:\/\/www.luterbach-ag.ch\/en\/wp-json\/wp\/v2\/news\/7560","targetHints":{"allow":["GET"]}}],"collection":[{"href":"https:\/\/www.luterbach-ag.ch\/en\/wp-json\/wp\/v2\/news"}],"about":[{"href":"https:\/\/www.luterbach-ag.ch\/en\/wp-json\/wp\/v2\/types\/news"}],"version-history":[{"count":10,"href":"https:\/\/www.luterbach-ag.ch\/en\/wp-json\/wp\/v2\/news\/7560\/revisions"}],"predecessor-version":[{"id":7571,"href":"https:\/\/www.luterbach-ag.ch\/en\/wp-json\/wp\/v2\/news\/7560\/revisions\/7571"}],"wp:featuredmedia":[{"embeddable":true,"href":"https:\/\/www.luterbach-ag.ch\/en\/wp-json\/wp\/v2\/media\/7565"}],"wp:attachment":[{"href":"https:\/\/www.luterbach-ag.ch\/en\/wp-json\/wp\/v2\/media?parent=7560"}],"curies":[{"name":"wp","href":"https:\/\/api.w.org\/{rel}","templated":true}]}}