{"id":7058,"date":"2024-06-19T09:11:21","date_gmt":"2024-06-19T07:11:21","guid":{"rendered":"https:\/\/www.luterbach-ag.ch\/?post_type=news&#038;p=7058"},"modified":"2026-02-19T16:04:27","modified_gmt":"2026-02-19T15:04:27","slug":"neue-lackierkabinenluftung-fur-die-firma-de-pretto-maler-gmbh","status":"publish","type":"news","link":"https:\/\/www.luterbach-ag.ch\/en\/news\/neue-lackierkabinenluftung-fur-die-firma-de-pretto-maler-gmbh\/","title":{"rendered":"Neue Lackierkabinenl\u00fcftung f\u00fcr die Firma de Pretto Maler GmbH"},"content":{"rendered":"\t\t<div data-elementor-type=\"wp-post\" data-elementor-id=\"7058\" class=\"elementor elementor-7058\">\n\t\t\t\t\t\t<section class=\"elementor-section elementor-top-section elementor-element elementor-element-9753957 elementor-section-boxed elementor-section-height-default elementor-section-height-default\" data-id=\"9753957\" data-element_type=\"section\" data-e-type=\"section\">\n\t\t\t\t\t\t<div class=\"elementor-container elementor-column-gap-default\">\n\t\t\t\t\t<div class=\"elementor-column elementor-col-100 elementor-top-column elementor-element elementor-element-82c5b1e\" data-id=\"82c5b1e\" data-element_type=\"column\" data-e-type=\"column\">\n\t\t\t<div class=\"elementor-widget-wrap elementor-element-populated\">\n\t\t\t\t\t\t<div class=\"elementor-element elementor-element-c82e580 elementor-widget elementor-widget-text-editor\" data-id=\"c82e580\" data-element_type=\"widget\" data-e-type=\"widget\" data-widget_type=\"text-editor.default\">\n\t\t\t\t<div class=\"elementor-widget-container\">\n\t\t\t\t\t\t\t\t\t<div class=\"flex-1 overflow-hidden\">\n<div class=\"react-scroll-to-bottom--css-fastu-79elbk h-full dark:bg-gray-800\">\n<div class=\"react-scroll-to-bottom--css-fastu-1n7m0yu\">\n<div class=\"flex flex-col text-sm dark:bg-gray-800\">\n<div class=\"group w-full text-gray-800 dark:text-gray-100 border-b border-black\/10 dark:border-gray-900\/50 bg-gray-50 dark:bg-[#444654]\">\n<div class=\"flex p-4 gap-4 text-base md:gap-6 md:max-w-2xl lg:max-w-[38rem] xl:max-w-3xl md:py-6 lg:px-0 m-auto\">\n<div class=\"relative flex w-[calc(100%-50px)] flex-col gap-1 md:gap-3 lg:w-[calc(100%-115px)]\">\n<div class=\"flex flex-grow flex-col gap-3\">\n<div class=\"min-h-[20px] flex items-start overflow-x-auto whitespace-pre-wrap break-words flex-col gap-4\">\n<div class=\"markdown prose w-full break-words dark:prose-invert light\">\n<p>Wir freuen uns, bekanntzugeben, dass wir am Mittwoch, den 12. Juni 2024, die Abnahme der neuen Lackierkabinenl\u00fcftung bei der Firma de Pretto Maler GmbH erfolgreich durchgef\u00fchrt haben.<\/p>\n<p>H\u00f6hepunkte des Projekts:<br>\n\u2022\tModernisierung einer 40 Jahre alten Anlage: Installation des neuen L\u00fcftungssystems und der Steuerung.<br>\n\u2022\tNeue W\u00e4rmer\u00fcckgewinnung<br>\n\u2022\tTermingerechte Fertigstellung<br>\n\u2022\tEffizienz: aussergew\u00f6hnlich kurze Umsetzungszeit.<\/p>\n<p>Die Firma de Pretto Maler GmbH geh\u00f6rt zu den ersten Kunden der e. Luterbach AG. Seit 40 Jahren d\u00fcrfen wir auf eine vertrauensvolle und erfolgreiche Zusammenarbeit zur\u00fcckblicken.<\/p>\n<p>Ein herzliches Dankesch\u00f6n an die de Pretto Maler GmbH f\u00fcr das langj\u00e4hrige Vertrauen! Wir w\u00fcnschen viel Erfolg und Freude bei den anstehenden Lackierarbeiten.<\/p>\n<\/div>\n<\/div>\n<\/div>\n<\/div>\n<\/div>\n<\/div>\n<\/div>\n<\/div>\n<\/div>\n<\/div>\t\t\t\t\t\t\t\t<\/div>\n\t\t\t\t<\/div>\n\t\t\t\t\t<\/div>\n\t\t<\/div>\n\t\t\t\t\t<\/div>\n\t\t<\/section>\n\t\t\t\t<\/div>\n\t\t","protected":false},"featured_media":7060,"template":"","class_list":["post-7058","news","type-news","status-publish","has-post-thumbnail","hentry"],"_links":{"self":[{"href":"https:\/\/www.luterbach-ag.ch\/en\/wp-json\/wp\/v2\/news\/7058","targetHints":{"allow":["GET"]}}],"collection":[{"href":"https:\/\/www.luterbach-ag.ch\/en\/wp-json\/wp\/v2\/news"}],"about":[{"href":"https:\/\/www.luterbach-ag.ch\/en\/wp-json\/wp\/v2\/types\/news"}],"version-history":[{"count":8,"href":"https:\/\/www.luterbach-ag.ch\/en\/wp-json\/wp\/v2\/news\/7058\/revisions"}],"predecessor-version":[{"id":7067,"href":"https:\/\/www.luterbach-ag.ch\/en\/wp-json\/wp\/v2\/news\/7058\/revisions\/7067"}],"wp:featuredmedia":[{"embeddable":true,"href":"https:\/\/www.luterbach-ag.ch\/en\/wp-json\/wp\/v2\/media\/7060"}],"wp:attachment":[{"href":"https:\/\/www.luterbach-ag.ch\/en\/wp-json\/wp\/v2\/media?parent=7058"}],"curies":[{"name":"wp","href":"https:\/\/api.w.org\/{rel}","templated":true}]}}